{"id":10898,"date":"2025-03-18T11:15:01","date_gmt":"2025-03-18T10:15:01","guid":{"rendered":"https:\/\/www.kontekst.info\/?p=10898"},"modified":"2025-03-18T11:16:27","modified_gmt":"2025-03-18T10:16:27","slug":"optymalne-wykorzystanie-przestrzeni-2","status":"publish","type":"post","link":"https:\/\/www.kontekst.info\/index.php\/optymalne-wykorzystanie-przestrzeni-2\/","title":{"rendered":"\u0141atwo\u015b\u0107 obs\u0142ugi i serwisu"},"content":{"rendered":"<div class=\"wpb-content-wrapper\"><p>[vc_row][vc_column]\n\t\t<div id=\"wd-67b3361b1e643\" class=\"title-wrapper wd-wpb wd-set-mb reset-last-child  wd-rs-67b3361b1e643 wd-title-color-default wd-title-style-default text-center  wd-underline-colored\">\n\t\t\t\n\t\t\t<div class=\"liner-continer\">\n\t\t\t\t<h1 class=\"woodmart-title-container title  wd-font-weight- wd-fontsize-l\" >\u0141atwo\u015b\u0107 obs\u0142ugi i serwisu<\/h1>\n\t\t\t\t\t\t\t<\/div>\n\t\t\t\n\t\t\t\n\t\t\t\n\t\t<\/div>\n\t\t\n\t\t\t\t<div id=\"wd-67b336427ecf3\" class=\"wd-text-block wd-wpb reset-last-child wd-rs-67b336427ecf3 text-left \">\n\t\t\t<p>Przyjazno\u015b\u0107 obs\u0142ugi automat\u00f3w sprzedaj\u0105cych jest wa\u017cna niezale\u017cnie od tego, czy prowadzisz firm\u0119 vendingow\u0105, a twoi pracownicy &#8222;zjedli z\u0119by&#8221; w pracy z r\u00f3\u017cnymi maszynami, czy zarz\u0105dzasz hotelem, restauracj\u0105, firm\u0105 cateringow\u0105 lub stacj\u0105 benzynow\u0105, a automaty vendingowe maj\u0105 by\u0107 &#8222;jedynie&#8221; sposobem na zwi\u0119kszenie twoich przychod\u00f3w i stopnia zadowolenia klient\u00f3w. Automaty \u0142atwiejsze w obs\u0142udze i serwisie, to<strong> oszcz\u0119dno\u015b\u0107 czasu pracownik\u00f3w<\/strong>, kt\u00f3ry mo\u017cna wykorzysta\u0107 na realizowanie innych zada\u0144, ale tak\u017ce <strong>kr\u00f3tsze przerwy w przypadku awarii<\/strong> niezale\u017cnie od ich przyczyny.<\/p>\n<p>&nbsp;<\/p>\n<p>Samo u\u0142o\u017cenie produkt\u00f3w w\u00a0automatach spr\u0119\u017cynowych lub talerzowych nie\u00a0jest trudne. Trzeba jednak pami\u0119ta\u0107, jakie jest miejsce poszczeg\u00f3lnych produkt\u00f3w. Przy zmianie asortymentu trzeba te\u017c pami\u0119ta\u0107 o\u00a0zmianie cen.<\/p>\n<p>Typowy automat to\u00a0kilkadziesi\u0105t silniczk\u00f3w i\u00a0tyle samo spr\u0119\u017cyn. Do\u00a0tego mog\u0105 doj\u015b\u0107 fotoczujki, winda, wrzutnik. Kr\u00f3tko m\u00f3wi\u0105c ca\u0142kiem <b>sporo element\u00f3w mog\u0105cych si\u0119 popsu\u0107<\/b>\u2026<\/p>\n<p>Osoba uzupe\u0142niaj\u0105ca automat Selfly Store otwiera jego drzwi aplikacj\u0105 na smartfona i uk\u0142ada produkty na p\u00f3\u0142kach, jak w\u00a0 lod\u00f3wce. Aplikacja sugeruje mu jakie produkty, w jakiej liczbie i ew. na kt\u00f3rej p\u00f3\u0142ce ma po\u0142o\u017cy\u0107. Jednak niestosowanie si\u0119 do tych wskaz\u00f3wek nie ci\u0105gnie za sob\u0105 negatywnych konsekwencji.<\/p>\n<p>W automacie nie ma dziesi\u0105tek psuj\u0105cych si\u0119 element\u00f3w takich jak silniczki, windy, spirale, fotoczujki, wrzutniki. Dzi\u0119ki temu awarie zdarzaj\u0105 si\u0119 o wiele rzadziej, a ich usuni\u0119cie niemal zawsze jest mo\u017cliwe dzi\u0119ki zdalnej pomocy naszego pracownika.<\/p>\n<p>&nbsp;<\/p>\n<p>&nbsp;<\/p>\n\t\t<\/div>\n\t\t[\/vc_column][\/vc_row]<\/p>\n<\/div>","protected":false},"excerpt":{"rendered":"<p>[vc_row][vc_column][\/vc_column][\/vc_row]<\/p>\n","protected":false},"author":3,"featured_media":10899,"comment_status":"closed","ping_status":"open","sticky":false,"template":"","format":"standard","meta":{"footnotes":""},"categories":[1],"tags":[],"class_list":["post-10898","post","type-post","status-publish","format-standard","has-post-thumbnail","hentry","category-automaty-vendingowe"],"yoast_head":"<!-- This site is optimized with the Yoast SEO plugin v27.3 - https:\/\/yoast.com\/product\/yoast-seo-wordpress\/ -->\n<title>\u0141atwo\u015b\u0107 obs\u0142ugi i serwisu - Kontekst<\/title>\n<meta name=\"robots\" content=\"index, follow, max-snippet:-1, max-image-preview:large, max-video-preview:-1\" \/>\n<link rel=\"canonical\" href=\"https:\/\/www.kontekst.info\/index.php\/optymalne-wykorzystanie-przestrzeni-2\/\" \/>\n<meta property=\"og:locale\" content=\"pl_PL\" \/>\n<meta property=\"og:type\" content=\"article\" \/>\n<meta property=\"og:title\" content=\"\u0141atwo\u015b\u0107 obs\u0142ugi i serwisu - Kontekst\" \/>\n<meta property=\"og:description\" content=\"[vc_row][vc_column][\/vc_column][\/vc_row]\" \/>\n<meta property=\"og:url\" content=\"https:\/\/www.kontekst.info\/index.php\/optymalne-wykorzystanie-przestrzeni-2\/\" \/>\n<meta property=\"og:site_name\" content=\"Kontekst\" \/>\n<meta property=\"article:published_time\" content=\"2025-03-18T10:15:01+00:00\" \/>\n<meta property=\"article:modified_time\" content=\"2025-03-18T10:16:27+00:00\" \/>\n<meta property=\"og:image\" content=\"https:\/\/www.kontekst.info\/wp-content\/uploads\/2025\/03\/Selfly_Store_Merchant_Lobby-1300x731.png\" \/>\n\t<meta property=\"og:image:width\" content=\"1300\" \/>\n\t<meta property=\"og:image:height\" content=\"731\" \/>\n\t<meta property=\"og:image:type\" content=\"image\/png\" \/>\n<meta name=\"author\" content=\"Henryk Stok\u0142osa\" \/>\n<meta name=\"twitter:card\" content=\"summary_large_image\" \/>\n<meta name=\"twitter:label1\" content=\"Napisane przez\" \/>\n\t<meta name=\"twitter:data1\" content=\"Henryk Stok\u0142osa\" \/>\n\t<meta name=\"twitter:label2\" content=\"Szacowany czas czytania\" \/>\n\t<meta name=\"twitter:data2\" content=\"2 minuty\" \/>\n<script type=\"application\/ld+json\" class=\"yoast-schema-graph\">{\"@context\":\"https:\\\/\\\/schema.org\",\"@graph\":[{\"@type\":\"Article\",\"@id\":\"https:\\\/\\\/www.kontekst.info\\\/index.php\\\/optymalne-wykorzystanie-przestrzeni-2\\\/#article\",\"isPartOf\":{\"@id\":\"https:\\\/\\\/www.kontekst.info\\\/index.php\\\/optymalne-wykorzystanie-przestrzeni-2\\\/\"},\"author\":{\"name\":\"Henryk Stok\u0142osa\",\"@id\":\"https:\\\/\\\/www.kontekst.info\\\/#\\\/schema\\\/person\\\/a30f90306faee2341fa7b0b867e0cc5d\"},\"headline\":\"\u0141atwo\u015b\u0107 obs\u0142ugi i serwisu\",\"datePublished\":\"2025-03-18T10:15:01+00:00\",\"dateModified\":\"2025-03-18T10:16:27+00:00\",\"mainEntityOfPage\":{\"@id\":\"https:\\\/\\\/www.kontekst.info\\\/index.php\\\/optymalne-wykorzystanie-przestrzeni-2\\\/\"},\"wordCount\":397,\"publisher\":{\"@id\":\"https:\\\/\\\/www.kontekst.info\\\/#organization\"},\"image\":{\"@id\":\"https:\\\/\\\/www.kontekst.info\\\/index.php\\\/optymalne-wykorzystanie-przestrzeni-2\\\/#primaryimage\"},\"thumbnailUrl\":\"https:\\\/\\\/www.kontekst.info\\\/wp-content\\\/uploads\\\/2025\\\/03\\\/Selfly_Store_Merchant_Lobby.png\",\"articleSection\":[\"Automaty vendingowe\"],\"inLanguage\":\"pl-PL\"},{\"@type\":\"WebPage\",\"@id\":\"https:\\\/\\\/www.kontekst.info\\\/index.php\\\/optymalne-wykorzystanie-przestrzeni-2\\\/\",\"url\":\"https:\\\/\\\/www.kontekst.info\\\/index.php\\\/optymalne-wykorzystanie-przestrzeni-2\\\/\",\"name\":\"\u0141atwo\u015b\u0107 obs\u0142ugi i serwisu - Kontekst\",\"isPartOf\":{\"@id\":\"https:\\\/\\\/www.kontekst.info\\\/#website\"},\"primaryImageOfPage\":{\"@id\":\"https:\\\/\\\/www.kontekst.info\\\/index.php\\\/optymalne-wykorzystanie-przestrzeni-2\\\/#primaryimage\"},\"image\":{\"@id\":\"https:\\\/\\\/www.kontekst.info\\\/index.php\\\/optymalne-wykorzystanie-przestrzeni-2\\\/#primaryimage\"},\"thumbnailUrl\":\"https:\\\/\\\/www.kontekst.info\\\/wp-content\\\/uploads\\\/2025\\\/03\\\/Selfly_Store_Merchant_Lobby.png\",\"datePublished\":\"2025-03-18T10:15:01+00:00\",\"dateModified\":\"2025-03-18T10:16:27+00:00\",\"breadcrumb\":{\"@id\":\"https:\\\/\\\/www.kontekst.info\\\/index.php\\\/optymalne-wykorzystanie-przestrzeni-2\\\/#breadcrumb\"},\"inLanguage\":\"pl-PL\",\"potentialAction\":[{\"@type\":\"ReadAction\",\"target\":[\"https:\\\/\\\/www.kontekst.info\\\/index.php\\\/optymalne-wykorzystanie-przestrzeni-2\\\/\"]}]},{\"@type\":\"ImageObject\",\"inLanguage\":\"pl-PL\",\"@id\":\"https:\\\/\\\/www.kontekst.info\\\/index.php\\\/optymalne-wykorzystanie-przestrzeni-2\\\/#primaryimage\",\"url\":\"https:\\\/\\\/www.kontekst.info\\\/wp-content\\\/uploads\\\/2025\\\/03\\\/Selfly_Store_Merchant_Lobby.png\",\"contentUrl\":\"https:\\\/\\\/www.kontekst.info\\\/wp-content\\\/uploads\\\/2025\\\/03\\\/Selfly_Store_Merchant_Lobby.png\",\"width\":1920,\"height\":1080},{\"@type\":\"BreadcrumbList\",\"@id\":\"https:\\\/\\\/www.kontekst.info\\\/index.php\\\/optymalne-wykorzystanie-przestrzeni-2\\\/#breadcrumb\",\"itemListElement\":[{\"@type\":\"ListItem\",\"position\":1,\"name\":\"Strona g\u0142\u00f3wna\",\"item\":\"https:\\\/\\\/www.kontekst.info\\\/\"},{\"@type\":\"ListItem\",\"position\":2,\"name\":\"\u0141atwo\u015b\u0107 obs\u0142ugi i serwisu\"}]},{\"@type\":\"WebSite\",\"@id\":\"https:\\\/\\\/www.kontekst.info\\\/#website\",\"url\":\"https:\\\/\\\/www.kontekst.info\\\/\",\"name\":\"Kontekst\",\"description\":\"Autoryzowany dystrybutor Selflystore w Polsce\",\"publisher\":{\"@id\":\"https:\\\/\\\/www.kontekst.info\\\/#organization\"},\"potentialAction\":[{\"@type\":\"SearchAction\",\"target\":{\"@type\":\"EntryPoint\",\"urlTemplate\":\"https:\\\/\\\/www.kontekst.info\\\/?s={search_term_string}\"},\"query-input\":{\"@type\":\"PropertyValueSpecification\",\"valueRequired\":true,\"valueName\":\"search_term_string\"}}],\"inLanguage\":\"pl-PL\"},{\"@type\":\"Organization\",\"@id\":\"https:\\\/\\\/www.kontekst.info\\\/#organization\",\"name\":\"Kontekst\",\"url\":\"https:\\\/\\\/www.kontekst.info\\\/\",\"logo\":{\"@type\":\"ImageObject\",\"inLanguage\":\"pl-PL\",\"@id\":\"https:\\\/\\\/www.kontekst.info\\\/#\\\/schema\\\/logo\\\/image\\\/\",\"url\":\"https:\\\/\\\/www.kontekst.info\\\/wp-content\\\/uploads\\\/2024\\\/09\\\/Kontekst-logo_Selfly-Store-dark-AD.svg\",\"contentUrl\":\"https:\\\/\\\/www.kontekst.info\\\/wp-content\\\/uploads\\\/2024\\\/09\\\/Kontekst-logo_Selfly-Store-dark-AD.svg\",\"width\":520,\"height\":180,\"caption\":\"Kontekst\"},\"image\":{\"@id\":\"https:\\\/\\\/www.kontekst.info\\\/#\\\/schema\\\/logo\\\/image\\\/\"}},{\"@type\":\"Person\",\"@id\":\"https:\\\/\\\/www.kontekst.info\\\/#\\\/schema\\\/person\\\/a30f90306faee2341fa7b0b867e0cc5d\",\"name\":\"Henryk Stok\u0142osa\",\"image\":{\"@type\":\"ImageObject\",\"inLanguage\":\"pl-PL\",\"@id\":\"https:\\\/\\\/secure.gravatar.com\\\/avatar\\\/ee21bc039b5e21464d2da4c5094af0848fe53844f5a1d49703662092c9b58967?s=96&d=mm&r=g\",\"url\":\"https:\\\/\\\/secure.gravatar.com\\\/avatar\\\/ee21bc039b5e21464d2da4c5094af0848fe53844f5a1d49703662092c9b58967?s=96&d=mm&r=g\",\"contentUrl\":\"https:\\\/\\\/secure.gravatar.com\\\/avatar\\\/ee21bc039b5e21464d2da4c5094af0848fe53844f5a1d49703662092c9b58967?s=96&d=mm&r=g\",\"caption\":\"Henryk Stok\u0142osa\"}}]}<\/script>\n<!-- \/ Yoast SEO plugin. -->","yoast_head_json":{"title":"\u0141atwo\u015b\u0107 obs\u0142ugi i serwisu - Kontekst","robots":{"index":"index","follow":"follow","max-snippet":"max-snippet:-1","max-image-preview":"max-image-preview:large","max-video-preview":"max-video-preview:-1"},"canonical":"https:\/\/www.kontekst.info\/index.php\/optymalne-wykorzystanie-przestrzeni-2\/","og_locale":"pl_PL","og_type":"article","og_title":"\u0141atwo\u015b\u0107 obs\u0142ugi i serwisu - Kontekst","og_description":"[vc_row][vc_column][\/vc_column][\/vc_row]","og_url":"https:\/\/www.kontekst.info\/index.php\/optymalne-wykorzystanie-przestrzeni-2\/","og_site_name":"Kontekst","article_published_time":"2025-03-18T10:15:01+00:00","article_modified_time":"2025-03-18T10:16:27+00:00","og_image":[{"width":1300,"height":731,"url":"https:\/\/www.kontekst.info\/wp-content\/uploads\/2025\/03\/Selfly_Store_Merchant_Lobby-1300x731.png","type":"image\/png"}],"author":"Henryk Stok\u0142osa","twitter_card":"summary_large_image","twitter_misc":{"Napisane przez":"Henryk Stok\u0142osa","Szacowany czas czytania":"2 minuty"},"schema":{"@context":"https:\/\/schema.org","@graph":[{"@type":"Article","@id":"https:\/\/www.kontekst.info\/index.php\/optymalne-wykorzystanie-przestrzeni-2\/#article","isPartOf":{"@id":"https:\/\/www.kontekst.info\/index.php\/optymalne-wykorzystanie-przestrzeni-2\/"},"author":{"name":"Henryk Stok\u0142osa","@id":"https:\/\/www.kontekst.info\/#\/schema\/person\/a30f90306faee2341fa7b0b867e0cc5d"},"headline":"\u0141atwo\u015b\u0107 obs\u0142ugi i serwisu","datePublished":"2025-03-18T10:15:01+00:00","dateModified":"2025-03-18T10:16:27+00:00","mainEntityOfPage":{"@id":"https:\/\/www.kontekst.info\/index.php\/optymalne-wykorzystanie-przestrzeni-2\/"},"wordCount":397,"publisher":{"@id":"https:\/\/www.kontekst.info\/#organization"},"image":{"@id":"https:\/\/www.kontekst.info\/index.php\/optymalne-wykorzystanie-przestrzeni-2\/#primaryimage"},"thumbnailUrl":"https:\/\/www.kontekst.info\/wp-content\/uploads\/2025\/03\/Selfly_Store_Merchant_Lobby.png","articleSection":["Automaty vendingowe"],"inLanguage":"pl-PL"},{"@type":"WebPage","@id":"https:\/\/www.kontekst.info\/index.php\/optymalne-wykorzystanie-przestrzeni-2\/","url":"https:\/\/www.kontekst.info\/index.php\/optymalne-wykorzystanie-przestrzeni-2\/","name":"\u0141atwo\u015b\u0107 obs\u0142ugi i serwisu - Kontekst","isPartOf":{"@id":"https:\/\/www.kontekst.info\/#website"},"primaryImageOfPage":{"@id":"https:\/\/www.kontekst.info\/index.php\/optymalne-wykorzystanie-przestrzeni-2\/#primaryimage"},"image":{"@id":"https:\/\/www.kontekst.info\/index.php\/optymalne-wykorzystanie-przestrzeni-2\/#primaryimage"},"thumbnailUrl":"https:\/\/www.kontekst.info\/wp-content\/uploads\/2025\/03\/Selfly_Store_Merchant_Lobby.png","datePublished":"2025-03-18T10:15:01+00:00","dateModified":"2025-03-18T10:16:27+00:00","breadcrumb":{"@id":"https:\/\/www.kontekst.info\/index.php\/optymalne-wykorzystanie-przestrzeni-2\/#breadcrumb"},"inLanguage":"pl-PL","potentialAction":[{"@type":"ReadAction","target":["https:\/\/www.kontekst.info\/index.php\/optymalne-wykorzystanie-przestrzeni-2\/"]}]},{"@type":"ImageObject","inLanguage":"pl-PL","@id":"https:\/\/www.kontekst.info\/index.php\/optymalne-wykorzystanie-przestrzeni-2\/#primaryimage","url":"https:\/\/www.kontekst.info\/wp-content\/uploads\/2025\/03\/Selfly_Store_Merchant_Lobby.png","contentUrl":"https:\/\/www.kontekst.info\/wp-content\/uploads\/2025\/03\/Selfly_Store_Merchant_Lobby.png","width":1920,"height":1080},{"@type":"BreadcrumbList","@id":"https:\/\/www.kontekst.info\/index.php\/optymalne-wykorzystanie-przestrzeni-2\/#breadcrumb","itemListElement":[{"@type":"ListItem","position":1,"name":"Strona g\u0142\u00f3wna","item":"https:\/\/www.kontekst.info\/"},{"@type":"ListItem","position":2,"name":"\u0141atwo\u015b\u0107 obs\u0142ugi i serwisu"}]},{"@type":"WebSite","@id":"https:\/\/www.kontekst.info\/#website","url":"https:\/\/www.kontekst.info\/","name":"Kontekst","description":"Autoryzowany dystrybutor Selflystore w Polsce","publisher":{"@id":"https:\/\/www.kontekst.info\/#organization"},"potentialAction":[{"@type":"SearchAction","target":{"@type":"EntryPoint","urlTemplate":"https:\/\/www.kontekst.info\/?s={search_term_string}"},"query-input":{"@type":"PropertyValueSpecification","valueRequired":true,"valueName":"search_term_string"}}],"inLanguage":"pl-PL"},{"@type":"Organization","@id":"https:\/\/www.kontekst.info\/#organization","name":"Kontekst","url":"https:\/\/www.kontekst.info\/","logo":{"@type":"ImageObject","inLanguage":"pl-PL","@id":"https:\/\/www.kontekst.info\/#\/schema\/logo\/image\/","url":"https:\/\/www.kontekst.info\/wp-content\/uploads\/2024\/09\/Kontekst-logo_Selfly-Store-dark-AD.svg","contentUrl":"https:\/\/www.kontekst.info\/wp-content\/uploads\/2024\/09\/Kontekst-logo_Selfly-Store-dark-AD.svg","width":520,"height":180,"caption":"Kontekst"},"image":{"@id":"https:\/\/www.kontekst.info\/#\/schema\/logo\/image\/"}},{"@type":"Person","@id":"https:\/\/www.kontekst.info\/#\/schema\/person\/a30f90306faee2341fa7b0b867e0cc5d","name":"Henryk Stok\u0142osa","image":{"@type":"ImageObject","inLanguage":"pl-PL","@id":"https:\/\/secure.gravatar.com\/avatar\/ee21bc039b5e21464d2da4c5094af0848fe53844f5a1d49703662092c9b58967?s=96&d=mm&r=g","url":"https:\/\/secure.gravatar.com\/avatar\/ee21bc039b5e21464d2da4c5094af0848fe53844f5a1d49703662092c9b58967?s=96&d=mm&r=g","contentUrl":"https:\/\/secure.gravatar.com\/avatar\/ee21bc039b5e21464d2da4c5094af0848fe53844f5a1d49703662092c9b58967?s=96&d=mm&r=g","caption":"Henryk Stok\u0142osa"}}]}},"_links":{"self":[{"href":"https:\/\/www.kontekst.info\/index.php\/wp-json\/wp\/v2\/posts\/10898","targetHints":{"allow":["GET"]}}],"collection":[{"href":"https:\/\/www.kontekst.info\/index.php\/wp-json\/wp\/v2\/posts"}],"about":[{"href":"https:\/\/www.kontekst.info\/index.php\/wp-json\/wp\/v2\/types\/post"}],"author":[{"embeddable":true,"href":"https:\/\/www.kontekst.info\/index.php\/wp-json\/wp\/v2\/users\/3"}],"replies":[{"embeddable":true,"href":"https:\/\/www.kontekst.info\/index.php\/wp-json\/wp\/v2\/comments?post=10898"}],"version-history":[{"count":2,"href":"https:\/\/www.kontekst.info\/index.php\/wp-json\/wp\/v2\/posts\/10898\/revisions"}],"predecessor-version":[{"id":10902,"href":"https:\/\/www.kontekst.info\/index.php\/wp-json\/wp\/v2\/posts\/10898\/revisions\/10902"}],"wp:featuredmedia":[{"embeddable":true,"href":"https:\/\/www.kontekst.info\/index.php\/wp-json\/wp\/v2\/media\/10899"}],"wp:attachment":[{"href":"https:\/\/www.kontekst.info\/index.php\/wp-json\/wp\/v2\/media?parent=10898"}],"wp:term":[{"taxonomy":"category","embeddable":true,"href":"https:\/\/www.kontekst.info\/index.php\/wp-json\/wp\/v2\/categories?post=10898"},{"taxonomy":"post_tag","embeddable":true,"href":"https:\/\/www.kontekst.info\/index.php\/wp-json\/wp\/v2\/tags?post=10898"}],"curies":[{"name":"wp","href":"https:\/\/api.w.org\/{rel}","templated":true}]}}